{"id":31,"count":5,"description":"Objets bi-mati\u00e8res uniques en gr\u00e8s ou porcelaine sur des verres de seconde main\r\nPi\u00e8ces uniques en gr\u00e8s ou en porcelaine tourn\u00e9es assembl\u00e9s sur des verres chin\u00e9s.\r\n\r\nSur des verre \u00e0 pieds, de simple verres \u00e0 boire, des pi\u00e8ces testes de souffleurs de verre, des bouteilles d'alcool ou de jus, des cache flamme de lampes \u00e0 p\u00e9trole, des flacons ou parties de lampes, ce sont autant de formes qui m\u2019inspirent pour les transformer en objets uniques.","link":"https:\/\/bymanet.com\/en\/categorie-produit\/collection-terre-et-verre\/","name":"Collection Terre et Verre","slug":"collection-terre-et-verre","taxonomy":"product_cat","parent":0,"meta":[],"acf":[],"yoast_head":"<!-- This site is optimized with the Yoast SEO plugin v26.0 - https:\/\/yoast.com\/wordpress\/plugins\/seo\/ -->\n<title>Archives des Collection Terre et Verre - ByManet<\/title>\n<meta name=\"description\" content=\"D\u00e9couvrez les produits dans Collection Terre et Verre. By Manet, Cr\u00e9ation de c\u00e9ramique et de bijoux design et contemporain \u00e0 Igny\" \/>\n<meta name=\"robots\" content=\"index, follow, max-snippet:-1, max-image-preview:large, max-video-preview:-1\" \/>\n<link rel=\"canonical\" href=\"https:\/\/bymanet.com\/en\/categorie-produit\/collection-terre-et-verre\/\" \/>\n<meta property=\"og:locale\" content=\"en_US\" \/>\n<meta property=\"og:type\" content=\"article\" \/>\n<meta property=\"og:title\" content=\"Archives des Collection Terre et Verre - ByManet\" \/>\n<meta property=\"og:description\" content=\"D\u00e9couvrez les produits dans Collection Terre et Verre. By Manet, Cr\u00e9ation de c\u00e9ramique et de bijoux design et contemporain \u00e0 Igny\" \/>\n<meta property=\"og:url\" content=\"https:\/\/bymanet.com\/en\/categorie-produit\/collection-terre-et-verre\/\" \/>\n<meta property=\"og:site_name\" content=\"ByManet\" \/>\n<meta property=\"og:image\" content=\"https:\/\/bymanet.com\/wp-content\/uploads\/2023\/12\/Coupelle-nenuphare-By-Manet.jpg\" \/>\n\t<meta property=\"og:image:width\" content=\"1200\" \/>\n\t<meta property=\"og:image:height\" content=\"900\" \/>\n\t<meta property=\"og:image:type\" content=\"image\/jpeg\" \/>\n<meta name=\"twitter:card\" content=\"summary_large_image\" \/>\n<script type=\"application\/ld+json\" class=\"yoast-schema-graph\">{\"@context\":\"https:\/\/schema.org\",\"@graph\":[{\"@type\":\"CollectionPage\",\"@id\":\"https:\/\/bymanet.com\/en\/categorie-produit\/collection-terre-et-verre\/\",\"url\":\"https:\/\/bymanet.com\/en\/categorie-produit\/collection-terre-et-verre\/\",\"name\":\"Archives des Collection Terre et Verre - ByManet\",\"isPartOf\":{\"@id\":\"https:\/\/bymanet.com\/en\/#website\"},\"description\":\"D\u00e9couvrez les produits dans Collection Terre et Verre. By Manet, Cr\u00e9ation de c\u00e9ramique et de bijoux design et contemporain \u00e0 Igny\",\"breadcrumb\":{\"@id\":\"https:\/\/bymanet.com\/en\/categorie-produit\/collection-terre-et-verre\/#breadcrumb\"},\"inLanguage\":\"en-US\"},{\"@type\":\"BreadcrumbList\",\"@id\":\"https:\/\/bymanet.com\/en\/categorie-produit\/collection-terre-et-verre\/#breadcrumb\",\"itemListElement\":[{\"@type\":\"ListItem\",\"position\":1,\"name\":\"Accueil\",\"item\":\"https:\/\/bymanet.com\/en\/\"},{\"@type\":\"ListItem\",\"position\":2,\"name\":\"Shop\",\"item\":\"https:\/\/bymanet.com\/shop\/?lang=en\"},{\"@type\":\"ListItem\",\"position\":3,\"name\":\"Collection Terre et Verre\"}]},{\"@type\":\"WebSite\",\"@id\":\"https:\/\/bymanet.com\/en\/#website\",\"url\":\"https:\/\/bymanet.com\/en\/\",\"name\":\"ByManet\",\"description\":\"Cr\u00e9ation de c\u00e9ramique et de bijoux design et contemporain \u00e0 Igny\",\"publisher\":{\"@id\":\"https:\/\/bymanet.com\/en\/#organization\"},\"potentialAction\":[{\"@type\":\"SearchAction\",\"target\":{\"@type\":\"EntryPoint\",\"urlTemplate\":\"https:\/\/bymanet.com\/en\/?s={search_term_string}\"},\"query-input\":{\"@type\":\"PropertyValueSpecification\",\"valueRequired\":true,\"valueName\":\"search_term_string\"}}],\"inLanguage\":\"en-US\"},{\"@type\":\"Organization\",\"@id\":\"https:\/\/bymanet.com\/en\/#organization\",\"name\":\"ByManet\",\"url\":\"https:\/\/bymanet.com\/en\/\",\"logo\":{\"@type\":\"ImageObject\",\"inLanguage\":\"en-US\",\"@id\":\"https:\/\/bymanet.com\/en\/#\/schema\/logo\/image\/\",\"url\":\"https:\/\/bymanet.com\/wp-content\/uploads\/2023\/02\/LOGO_BY_MANET-ai.svg\",\"contentUrl\":\"https:\/\/bymanet.com\/wp-content\/uploads\/2023\/02\/LOGO_BY_MANET-ai.svg\",\"caption\":\"ByManet\"},\"image\":{\"@id\":\"https:\/\/bymanet.com\/en\/#\/schema\/logo\/image\/\"}}]}<\/script>\n<!-- \/ Yoast SEO plugin. -->","yoast_head_json":{"title":"Archives des Collection Terre et Verre - ByManet","description":"D\u00e9couvrez les produits dans Collection Terre et Verre. By Manet, Cr\u00e9ation de c\u00e9ramique et de bijoux design et contemporain \u00e0 Igny","robots":{"index":"index","follow":"follow","max-snippet":"max-snippet:-1","max-image-preview":"max-image-preview:large","max-video-preview":"max-video-preview:-1"},"canonical":"https:\/\/bymanet.com\/en\/categorie-produit\/collection-terre-et-verre\/","og_locale":"en_US","og_type":"article","og_title":"Archives des Collection Terre et Verre - ByManet","og_description":"D\u00e9couvrez les produits dans Collection Terre et Verre. By Manet, Cr\u00e9ation de c\u00e9ramique et de bijoux design et contemporain \u00e0 Igny","og_url":"https:\/\/bymanet.com\/en\/categorie-produit\/collection-terre-et-verre\/","og_site_name":"ByManet","og_image":[{"width":1200,"height":900,"url":"https:\/\/bymanet.com\/wp-content\/uploads\/2023\/12\/Coupelle-nenuphare-By-Manet.jpg","type":"image\/jpeg"}],"twitter_card":"summary_large_image","schema":{"@context":"https:\/\/schema.org","@graph":[{"@type":"CollectionPage","@id":"https:\/\/bymanet.com\/en\/categorie-produit\/collection-terre-et-verre\/","url":"https:\/\/bymanet.com\/en\/categorie-produit\/collection-terre-et-verre\/","name":"Archives des Collection Terre et Verre - ByManet","isPartOf":{"@id":"https:\/\/bymanet.com\/en\/#website"},"description":"D\u00e9couvrez les produits dans Collection Terre et Verre. By Manet, Cr\u00e9ation de c\u00e9ramique et de bijoux design et contemporain \u00e0 Igny","breadcrumb":{"@id":"https:\/\/bymanet.com\/en\/categorie-produit\/collection-terre-et-verre\/#breadcrumb"},"inLanguage":"en-US"},{"@type":"BreadcrumbList","@id":"https:\/\/bymanet.com\/en\/categorie-produit\/collection-terre-et-verre\/#breadcrumb","itemListElement":[{"@type":"ListItem","position":1,"name":"Accueil","item":"https:\/\/bymanet.com\/en\/"},{"@type":"ListItem","position":2,"name":"Shop","item":"https:\/\/bymanet.com\/shop\/?lang=en"},{"@type":"ListItem","position":3,"name":"Collection Terre et Verre"}]},{"@type":"WebSite","@id":"https:\/\/bymanet.com\/en\/#website","url":"https:\/\/bymanet.com\/en\/","name":"ByManet","description":"Cr\u00e9ation de c\u00e9ramique et de bijoux design et contemporain \u00e0 Igny","publisher":{"@id":"https:\/\/bymanet.com\/en\/#organization"},"potentialAction":[{"@type":"SearchAction","target":{"@type":"EntryPoint","urlTemplate":"https:\/\/bymanet.com\/en\/?s={search_term_string}"},"query-input":{"@type":"PropertyValueSpecification","valueRequired":true,"valueName":"search_term_string"}}],"inLanguage":"en-US"},{"@type":"Organization","@id":"https:\/\/bymanet.com\/en\/#organization","name":"ByManet","url":"https:\/\/bymanet.com\/en\/","logo":{"@type":"ImageObject","inLanguage":"en-US","@id":"https:\/\/bymanet.com\/en\/#\/schema\/logo\/image\/","url":"https:\/\/bymanet.com\/wp-content\/uploads\/2023\/02\/LOGO_BY_MANET-ai.svg","contentUrl":"https:\/\/bymanet.com\/wp-content\/uploads\/2023\/02\/LOGO_BY_MANET-ai.svg","caption":"ByManet"},"image":{"@id":"https:\/\/bymanet.com\/en\/#\/schema\/logo\/image\/"}}]}},"_links":{"self":[{"href":"https:\/\/bymanet.com\/en\/wp-json\/wp\/v2\/product_cat\/31","targetHints":{"allow":["GET"]}}],"collection":[{"href":"https:\/\/bymanet.com\/en\/wp-json\/wp\/v2\/product_cat"}],"about":[{"href":"https:\/\/bymanet.com\/en\/wp-json\/wp\/v2\/taxonomies\/product_cat"}],"wp:post_type":[{"href":"https:\/\/bymanet.com\/en\/wp-json\/wp\/v2\/product?product_cat=31"}],"curies":[{"name":"wp","href":"https:\/\/api.w.org\/{rel}","templated":true}]}}